{"id":4401,"date":"2022-06-08T16:29:25","date_gmt":"2022-06-08T21:29:25","guid":{"rendered":"https:\/\/oyntv.co\/noticias\/?p=4401"},"modified":"2022-06-08T16:37:07","modified_gmt":"2022-06-08T21:37:07","slug":"wilmer-guerrero-ratifica-que-la-construccion-del-distrito-de-policia-en-ocana-va-por-buen-camino","status":"publish","type":"post","link":"https:\/\/oyntv.co\/noticias\/wilmer-guerrero-ratifica-que-la-construccion-del-distrito-de-policia-en-ocana-va-por-buen-camino\/","title":{"rendered":"Wilmer Guerrero ratifica que la construcci\u00f3n del Distrito de Polic\u00eda en Oca\u00f1a va por buen camino"},"content":{"rendered":"<h3>El ministro del interior Daniel Palacios le confirm\u00f3 el d\u00eda de hoy al representante electo por Norte de Santander Wilmer Guerrero, que los recursos para la construcci\u00f3n del Distrito de Polic\u00eda en Oca\u00f1a est\u00e1n asegurados a trav\u00e9s de un CONPES.<\/h3>\n<p>\u201cEs una noticia bien importante no solo para Oca\u00f1a si no para toda la regi\u00f3n; la construcci\u00f3n de este Distrito para la Polic\u00eda permitir\u00e1 que lleguen todas las especialidades con que cuenta la instituci\u00f3n y de esta forma poder hacerle frente a los problemas de seguridad que afronta hoy el municipio y la provincia\u201d, expres\u00f3 Wilmer Guerrero.<\/p>\n<p>De igual forma recalc\u00f3 que dentro de los aspectos tratados en la reuni\u00f3n con el Ministro, que por el momento se est\u00e1 a la espera de poder desarrollar una mesa t\u00e9cnica con la participaci\u00f3n de la Gobernaci\u00f3n de Norte de Santander y la Alcald\u00eda de Oca\u00f1a, para revisar aspectos t\u00e9cnicos del lote y algunas mejoras y adecuaciones que se deben realizar al mismo.<\/p>\n","protected":false},"excerpt":{"rendered":"<p>El ministro del interior Daniel Palacios le confirm\u00f3 el d\u00eda de hoy al representante electo por Norte de Santander Wilmer Guerrero, que los recursos para la construcci\u00f3n del Distrito de Polic\u00eda en Oca\u00f1a est\u00e1n asegurados a trav\u00e9s de un CONPES. \u201cEs una noticia bien importante no solo para Oca\u00f1a si no para toda la regi\u00f3n;&hellip;&nbsp;<a href=\"https:\/\/oyntv.co\/noticias\/wilmer-guerrero-ratifica-que-la-construccion-del-distrito-de-policia-en-ocana-va-por-buen-camino\/\" class=\"\" rel=\"bookmark\">Leer m\u00e1s &raquo;<span class=\"screen-reader-text\">Wilmer Guerrero ratifica que la construcci\u00f3n del Distrito de Polic\u00eda en Oca\u00f1a va por buen camino<\/span><\/a><\/p>\n","protected":false},"author":1,"featured_media":4405,"comment_status":"open","ping_status":"open","sticky":false,"template":"","format":"standard","meta":{"neve_meta_sidebar":"full-width","neve_meta_container":"","neve_meta_enable_content_width":"off","neve_meta_content_width":70,"neve_meta_title_alignment":"","neve_meta_author_avatar":"","neve_post_elements_order":"","neve_meta_disable_header":"","neve_meta_disable_footer":"","neve_meta_disable_title":""},"categories":[438,956],"tags":[1038,1032,1031],"blog_post_layout_featured_media_urls":{"thumbnail":["https:\/\/oyntv.co\/noticias\/wp-content\/uploads\/2022\/06\/Wilmer-Guerrero-150x150.jpeg",150,150,true],"full":["https:\/\/oyntv.co\/noticias\/wp-content\/uploads\/2022\/06\/Wilmer-Guerrero.jpeg",1062,707,false]},"categories_names":{"438":{"name":"Norte de Santander","link":"https:\/\/oyntv.co\/noticias\/category\/norte-de-santander\/"},"956":{"name":"Oca\u00f1a","link":"https:\/\/oyntv.co\/noticias\/category\/ocana\/"}},"tags_names":{"1038":{"name":"Distrito de Polic\u00eda","link":"https:\/\/oyntv.co\/noticias\/tag\/distrito-de-policia\/"},"1032":{"name":"Gesti\u00f3n","link":"https:\/\/oyntv.co\/noticias\/tag\/gestion\/"},"1031":{"name":"Wilmer Guerrero","link":"https:\/\/oyntv.co\/noticias\/tag\/wilmer-guerrero\/"}},"comments_number":"0","wpmagazine_modules_lite_featured_media_urls":{"thumbnail":["https:\/\/oyntv.co\/noticias\/wp-content\/uploads\/2022\/06\/Wilmer-Guerrero-150x150.jpeg",150,150,true],"cvmm-medium":["https:\/\/oyntv.co\/noticias\/wp-content\/uploads\/2022\/06\/Wilmer-Guerrero-300x300.jpeg",300,300,true],"cvmm-medium-plus":["https:\/\/oyntv.co\/noticias\/wp-content\/uploads\/2022\/06\/Wilmer-Guerrero-305x207.jpeg",305,207,true],"cvmm-portrait":["https:\/\/oyntv.co\/noticias\/wp-content\/uploads\/2022\/06\/Wilmer-Guerrero-400x600.jpeg",400,600,true],"cvmm-medium-square":["https:\/\/oyntv.co\/noticias\/wp-content\/uploads\/2022\/06\/Wilmer-Guerrero-600x600.jpeg",600,600,true],"cvmm-large":["https:\/\/oyntv.co\/noticias\/wp-content\/uploads\/2022\/06\/Wilmer-Guerrero-1024x707.jpeg",1024,707,true],"cvmm-small":["https:\/\/oyntv.co\/noticias\/wp-content\/uploads\/2022\/06\/Wilmer-Guerrero-130x95.jpeg",130,95,true],"full":["https:\/\/oyntv.co\/noticias\/wp-content\/uploads\/2022\/06\/Wilmer-Guerrero.jpeg",1062,707,false]},"_links":{"self":[{"href":"https:\/\/oyntv.co\/noticias\/wp-json\/wp\/v2\/posts\/4401"}],"collection":[{"href":"https:\/\/oyntv.co\/noticias\/wp-json\/wp\/v2\/posts"}],"about":[{"href":"https:\/\/oyntv.co\/noticias\/wp-json\/wp\/v2\/types\/post"}],"author":[{"embeddable":true,"href":"https:\/\/oyntv.co\/noticias\/wp-json\/wp\/v2\/users\/1"}],"replies":[{"embeddable":true,"href":"https:\/\/oyntv.co\/noticias\/wp-json\/wp\/v2\/comments?post=4401"}],"version-history":[{"count":1,"href":"https:\/\/oyntv.co\/noticias\/wp-json\/wp\/v2\/posts\/4401\/revisions"}],"predecessor-version":[{"id":4403,"href":"https:\/\/oyntv.co\/noticias\/wp-json\/wp\/v2\/posts\/4401\/revisions\/4403"}],"wp:featuredmedia":[{"embeddable":true,"href":"https:\/\/oyntv.co\/noticias\/wp-json\/wp\/v2\/media\/4405"}],"wp:attachment":[{"href":"https:\/\/oyntv.co\/noticias\/wp-json\/wp\/v2\/media?parent=4401"}],"wp:term":[{"taxonomy":"category","embeddable":true,"href":"https:\/\/oyntv.co\/noticias\/wp-json\/wp\/v2\/categories?post=4401"},{"taxonomy":"post_tag","embeddable":true,"href":"https:\/\/oyntv.co\/noticias\/wp-json\/wp\/v2\/tags?post=4401"}],"curies":[{"name":"wp","href":"https:\/\/api.w.org\/{rel}","templated":true}]}}