{"id":5259,"date":"2022-07-22T11:19:21","date_gmt":"2022-07-22T16:19:21","guid":{"rendered":"https:\/\/oyntv.co\/noticias\/?p=5259"},"modified":"2022-07-22T11:19:21","modified_gmt":"2022-07-22T16:19:21","slug":"cuatro-capturados-integrantes-de-las-disidencias-de-las-farc-en-tibu-norte-de-santander-serian-inocentes","status":"publish","type":"post","link":"https:\/\/oyntv.co\/noticias\/cuatro-capturados-integrantes-de-las-disidencias-de-las-farc-en-tibu-norte-de-santander-serian-inocentes\/","title":{"rendered":"Cuatro capturados integrantes de las disidencias de las Farc en Tib\u00fa, Norte de Santander ser\u00edan inocentes"},"content":{"rendered":"<h3>Habitantes del municipio de Tib\u00fa han rechazado la captura de 4 integrantes al parecer de las disidencias de las Farc. Seg\u00fan afirma la comunidad los detenidos son inocentes y las autoridades se los habr\u00edan llevado de manera arbitraria.<\/h3>\n<p>A estas personas las se\u00f1alan de ser parte de la estructura que comanda \u2018Jhon Mechas\u2019 y de tener m\u00e1s de cinco a\u00f1os dentro de esa organizaci\u00f3n.<\/p>\n<p>Los cuatro hombres fueron presentados por el Ej\u00e9rcito Nacional e identificados como \u00c9lgar Andr\u00e9s Garc\u00eda Rivera, se\u00f1alado de ser el responsable de llevar a cabo inteligencia delictiva de la Fuerza P\u00fablica; Jaime Alvernia, sindicado de ser jefe de las redes de apoyo; Rumaldo V\u00e1squez G\u00f3mez, presunto l\u00edder de milicias, y Enner David Herrera Quintero.<\/p>\n<p>Los se\u00f1alamientos hechos a las personas capturadas han sido rechazados por los habitantes del municipio de Tib\u00fa, entre ellos la madre de uno de los retenidos.<\/p>\n<p>La mujer, ayer sali\u00f3 a las calles de El Catatumbo con una cartulina y dos fotos de su hijo, para denunciar los atropellos de los que \u00e9l y su familia han sido v\u00edctimas.<\/p>\n<p>Seg\u00fan ella, varios soldados y polic\u00edas le tumbaron la puerta de su casa, el lunes a las 4:00 de la ma\u00f1ana, la golpearon a ella, su esposo y dos hijos. Adem\u00e1s, le dieron choques de corriente con una taiser.<\/p>\n<p>\u201cMe mostraron fotos donde aparec\u00eda una gente, me pegaban la corriente y como yo no sab\u00eda qui\u00e9nes eran le pegaban a mi esposo. Se robaron $200 mil de la medicina de mi hijo, que es discapacitado\u201d, asegur\u00f3 la mujer.<\/p>\n<p>Luego, el martes hac\u00eda las 2:30 de la tarde, uno de sus hijos fue capturado cuando ven\u00eda de trabajar como recolector de cacao en una finca.<\/p>\n<p>Apenas se enter\u00f3 busc\u00f3 ayuda en la Personer\u00eda de Tib\u00fa, que gestion\u00f3 que pudiera ver a su hijo, cuando estaba detenido en las instalaciones de la Sij\u00edn en C\u00facuta, seg\u00fan relat\u00f3 la madre.<\/p>\n<p>\u201cYo logr\u00e9 entrar y me dijo que lo hab\u00edan golpeado y pegado corriente para que se parara frente a una mesa con armas. Me dijo: \u2018mam\u00e1, esas armas ya las ten\u00edan listas, siquiera las trajeron de Tib\u00fa\u2019\u201d, insisti\u00f3 la mujer.<\/p>\n<p>Ella, al igual que otras personas, buscan que el Ej\u00e9rcito les entregue informaci\u00f3n de por qu\u00e9 capturaron a su hijo si \u00e9l y los otros hombres detenidos, supuestamente, son inocentes.<\/p>\n","protected":false},"excerpt":{"rendered":"<p>Habitantes del municipio de Tib\u00fa han rechazado la captura de 4 integrantes al parecer de las disidencias de las Farc. Seg\u00fan afirma la comunidad los detenidos son inocentes y las autoridades se los habr\u00edan llevado de manera arbitraria. A estas personas las se\u00f1alan de ser parte de la estructura que comanda \u2018Jhon Mechas\u2019 y de&hellip;&nbsp;<a href=\"https:\/\/oyntv.co\/noticias\/cuatro-capturados-integrantes-de-las-disidencias-de-las-farc-en-tibu-norte-de-santander-serian-inocentes\/\" class=\"\" rel=\"bookmark\">Leer m\u00e1s &raquo;<span class=\"screen-reader-text\">Cuatro capturados integrantes de las disidencias de las Farc en Tib\u00fa, Norte de Santander ser\u00edan inocentes<\/span><\/a><\/p>\n","protected":false},"author":1,"featured_media":5260,"comment_status":"open","ping_status":"open","sticky":false,"template":"","format":"standard","meta":{"neve_meta_sidebar":"full-width","neve_meta_container":"","neve_meta_enable_content_width":"off","neve_meta_content_width":70,"neve_meta_title_alignment":"","neve_meta_author_avatar":"","neve_post_elements_order":"","neve_meta_disable_header":"","neve_meta_disable_footer":"","neve_meta_disable_title":""},"categories":[438],"tags":[],"blog_post_layout_featured_media_urls":{"thumbnail":["https:\/\/oyntv.co\/noticias\/wp-content\/uploads\/2022\/07\/WhatsApp-Image-2022-07-22-at-10.06.59-AM-150x150.jpeg",150,150,true],"full":["https:\/\/oyntv.co\/noticias\/wp-content\/uploads\/2022\/07\/WhatsApp-Image-2022-07-22-at-10.06.59-AM.jpeg",720,405,false]},"categories_names":{"438":{"name":"Norte de Santander","link":"https:\/\/oyntv.co\/noticias\/category\/norte-de-santander\/"}},"tags_names":[],"comments_number":"0","wpmagazine_modules_lite_featured_media_urls":{"thumbnail":["https:\/\/oyntv.co\/noticias\/wp-content\/uploads\/2022\/07\/WhatsApp-Image-2022-07-22-at-10.06.59-AM-150x150.jpeg",150,150,true],"cvmm-medium":["https:\/\/oyntv.co\/noticias\/wp-content\/uploads\/2022\/07\/WhatsApp-Image-2022-07-22-at-10.06.59-AM-300x300.jpeg",300,300,true],"cvmm-medium-plus":["https:\/\/oyntv.co\/noticias\/wp-content\/uploads\/2022\/07\/WhatsApp-Image-2022-07-22-at-10.06.59-AM-305x207.jpeg",305,207,true],"cvmm-portrait":["https:\/\/oyntv.co\/noticias\/wp-content\/uploads\/2022\/07\/WhatsApp-Image-2022-07-22-at-10.06.59-AM-400x405.jpeg",400,405,true],"cvmm-medium-square":["https:\/\/oyntv.co\/noticias\/wp-content\/uploads\/2022\/07\/WhatsApp-Image-2022-07-22-at-10.06.59-AM-600x405.jpeg",600,405,true],"cvmm-large":["https:\/\/oyntv.co\/noticias\/wp-content\/uploads\/2022\/07\/WhatsApp-Image-2022-07-22-at-10.06.59-AM.jpeg",720,405,false],"cvmm-small":["https:\/\/oyntv.co\/noticias\/wp-content\/uploads\/2022\/07\/WhatsApp-Image-2022-07-22-at-10.06.59-AM-130x95.jpeg",130,95,true],"full":["https:\/\/oyntv.co\/noticias\/wp-content\/uploads\/2022\/07\/WhatsApp-Image-2022-07-22-at-10.06.59-AM.jpeg",720,405,false]},"_links":{"self":[{"href":"https:\/\/oyntv.co\/noticias\/wp-json\/wp\/v2\/posts\/5259"}],"collection":[{"href":"https:\/\/oyntv.co\/noticias\/wp-json\/wp\/v2\/posts"}],"about":[{"href":"https:\/\/oyntv.co\/noticias\/wp-json\/wp\/v2\/types\/post"}],"author":[{"embeddable":true,"href":"https:\/\/oyntv.co\/noticias\/wp-json\/wp\/v2\/users\/1"}],"replies":[{"embeddable":true,"href":"https:\/\/oyntv.co\/noticias\/wp-json\/wp\/v2\/comments?post=5259"}],"version-history":[{"count":1,"href":"https:\/\/oyntv.co\/noticias\/wp-json\/wp\/v2\/posts\/5259\/revisions"}],"predecessor-version":[{"id":5261,"href":"https:\/\/oyntv.co\/noticias\/wp-json\/wp\/v2\/posts\/5259\/revisions\/5261"}],"wp:featuredmedia":[{"embeddable":true,"href":"https:\/\/oyntv.co\/noticias\/wp-json\/wp\/v2\/media\/5260"}],"wp:attachment":[{"href":"https:\/\/oyntv.co\/noticias\/wp-json\/wp\/v2\/media?parent=5259"}],"wp:term":[{"taxonomy":"category","embeddable":true,"href":"https:\/\/oyntv.co\/noticias\/wp-json\/wp\/v2\/categories?post=5259"},{"taxonomy":"post_tag","embeddable":true,"href":"https:\/\/oyntv.co\/noticias\/wp-json\/wp\/v2\/tags?post=5259"}],"curies":[{"name":"wp","href":"https:\/\/api.w.org\/{rel}","templated":true}]}}