{"id":6121,"date":"2022-08-29T09:03:13","date_gmt":"2022-08-29T14:03:13","guid":{"rendered":"https:\/\/oyntv.co\/noticias\/?p=6121"},"modified":"2022-08-29T09:03:13","modified_gmt":"2022-08-29T14:03:13","slug":"capturados-los-presuntos-responsables-de-la-masacre-en-cucuta","status":"publish","type":"post","link":"https:\/\/oyntv.co\/noticias\/capturados-los-presuntos-responsables-de-la-masacre-en-cucuta\/","title":{"rendered":"Capturados los presuntos responsables de la masacre en C\u00facuta"},"content":{"rendered":"<h3>La Polic\u00eda Nacional captur\u00f3 a los presuntos responsables de la masacre registrada el s\u00e1bado 27 de agosto en el barrio Pueblo Nuevo de la ciudad de C\u00facuta.<\/h3>\n<p>Se trata de tres hombres a quienes las autoridades les siguieron la pista por los an\u00e1lisis de los videos de c\u00e1mara de seguridad instaladas cerca al lugar del crimen.<\/p>\n<p>Las detenciones se realizaron en medio de allanamientos en el conjunto residencial Los Arrayanes y sectores aleda\u00f1os, se les hall\u00f3 dos granadas y varias dosis de drogas, adem\u00e1s se conoci\u00f3 que har\u00edan parte de la banda \u2018Sa\u00fal\u2019, dedicada al microtr\u00e1fico y extorsiones.<\/p>\n<p>El lamentable hecho ocurri\u00f3 a manos de cinco hombres armados, quienes acabaron con la vida de cuatro personas, quienes fueron identificadas como Rodrigo Alberto Herrera, vendedor informal, Miguel Sebasti\u00e1n Melano de profesi\u00f3n zapatero, Oscar Eduardo Sandoval Higuera, m\u00fasico y docente de matem\u00e1ticas y Gino \u00c1lvarez Vergel, ornamentador.<\/p>\n","protected":false},"excerpt":{"rendered":"<p>La Polic\u00eda Nacional captur\u00f3 a los presuntos responsables de la masacre registrada el s\u00e1bado 27 de agosto en el barrio Pueblo Nuevo de la ciudad de C\u00facuta. Se trata de tres hombres a quienes las autoridades les siguieron la pista por los an\u00e1lisis de los videos de c\u00e1mara de seguridad instaladas cerca al lugar del&hellip;&nbsp;<a href=\"https:\/\/oyntv.co\/noticias\/capturados-los-presuntos-responsables-de-la-masacre-en-cucuta\/\" class=\"\" rel=\"bookmark\">Leer m\u00e1s &raquo;<span class=\"screen-reader-text\">Capturados los presuntos responsables de la masacre en C\u00facuta<\/span><\/a><\/p>\n","protected":false},"author":1,"featured_media":6122,"comment_status":"open","ping_status":"open","sticky":false,"template":"","format":"standard","meta":{"neve_meta_sidebar":"full-width","neve_meta_container":"","neve_meta_enable_content_width":"off","neve_meta_content_width":70,"neve_meta_title_alignment":"","neve_meta_author_avatar":"","neve_post_elements_order":"","neve_meta_disable_header":"","neve_meta_disable_footer":"","neve_meta_disable_title":""},"categories":[957,438],"tags":[],"blog_post_layout_featured_media_urls":{"thumbnail":["https:\/\/oyntv.co\/noticias\/wp-content\/uploads\/2022\/08\/WhatsApp-Image-2022-08-29-at-8.59.05-AM-150x150.jpeg",150,150,true],"full":["https:\/\/oyntv.co\/noticias\/wp-content\/uploads\/2022\/08\/WhatsApp-Image-2022-08-29-at-8.59.05-AM.jpeg",960,561,false]},"categories_names":{"957":{"name":"C\u00facuta, \u00c1rea Metropolitana","link":"https:\/\/oyntv.co\/noticias\/category\/cucuta\/"},"438":{"name":"Norte de Santander","link":"https:\/\/oyntv.co\/noticias\/category\/norte-de-santander\/"}},"tags_names":[],"comments_number":"0","wpmagazine_modules_lite_featured_media_urls":{"thumbnail":["https:\/\/oyntv.co\/noticias\/wp-content\/uploads\/2022\/08\/WhatsApp-Image-2022-08-29-at-8.59.05-AM-150x150.jpeg",150,150,true],"cvmm-medium":["https:\/\/oyntv.co\/noticias\/wp-content\/uploads\/2022\/08\/WhatsApp-Image-2022-08-29-at-8.59.05-AM-300x300.jpeg",300,300,true],"cvmm-medium-plus":["https:\/\/oyntv.co\/noticias\/wp-content\/uploads\/2022\/08\/WhatsApp-Image-2022-08-29-at-8.59.05-AM-305x207.jpeg",305,207,true],"cvmm-portrait":["https:\/\/oyntv.co\/noticias\/wp-content\/uploads\/2022\/08\/WhatsApp-Image-2022-08-29-at-8.59.05-AM-400x561.jpeg",400,561,true],"cvmm-medium-square":["https:\/\/oyntv.co\/noticias\/wp-content\/uploads\/2022\/08\/WhatsApp-Image-2022-08-29-at-8.59.05-AM-600x561.jpeg",600,561,true],"cvmm-large":["https:\/\/oyntv.co\/noticias\/wp-content\/uploads\/2022\/08\/WhatsApp-Image-2022-08-29-at-8.59.05-AM.jpeg",960,561,false],"cvmm-small":["https:\/\/oyntv.co\/noticias\/wp-content\/uploads\/2022\/08\/WhatsApp-Image-2022-08-29-at-8.59.05-AM-130x95.jpeg",130,95,true],"full":["https:\/\/oyntv.co\/noticias\/wp-content\/uploads\/2022\/08\/WhatsApp-Image-2022-08-29-at-8.59.05-AM.jpeg",960,561,false]},"_links":{"self":[{"href":"https:\/\/oyntv.co\/noticias\/wp-json\/wp\/v2\/posts\/6121"}],"collection":[{"href":"https:\/\/oyntv.co\/noticias\/wp-json\/wp\/v2\/posts"}],"about":[{"href":"https:\/\/oyntv.co\/noticias\/wp-json\/wp\/v2\/types\/post"}],"author":[{"embeddable":true,"href":"https:\/\/oyntv.co\/noticias\/wp-json\/wp\/v2\/users\/1"}],"replies":[{"embeddable":true,"href":"https:\/\/oyntv.co\/noticias\/wp-json\/wp\/v2\/comments?post=6121"}],"version-history":[{"count":1,"href":"https:\/\/oyntv.co\/noticias\/wp-json\/wp\/v2\/posts\/6121\/revisions"}],"predecessor-version":[{"id":6123,"href":"https:\/\/oyntv.co\/noticias\/wp-json\/wp\/v2\/posts\/6121\/revisions\/6123"}],"wp:featuredmedia":[{"embeddable":true,"href":"https:\/\/oyntv.co\/noticias\/wp-json\/wp\/v2\/media\/6122"}],"wp:attachment":[{"href":"https:\/\/oyntv.co\/noticias\/wp-json\/wp\/v2\/media?parent=6121"}],"wp:term":[{"taxonomy":"category","embeddable":true,"href":"https:\/\/oyntv.co\/noticias\/wp-json\/wp\/v2\/categories?post=6121"},{"taxonomy":"post_tag","embeddable":true,"href":"https:\/\/oyntv.co\/noticias\/wp-json\/wp\/v2\/tags?post=6121"}],"curies":[{"name":"wp","href":"https:\/\/api.w.org\/{rel}","templated":true}]}}