{"id":6140,"date":"2022-08-29T10:15:26","date_gmt":"2022-08-29T15:15:26","guid":{"rendered":"https:\/\/oyntv.co\/noticias\/?p=6140"},"modified":"2022-08-29T10:15:26","modified_gmt":"2022-08-29T15:15:26","slug":"la-seleccion-colombia-ya-cuenta-con-nuevo-uniforme","status":"publish","type":"post","link":"https:\/\/oyntv.co\/noticias\/la-seleccion-colombia-ya-cuenta-con-nuevo-uniforme\/","title":{"rendered":"La Selecci\u00f3n Colombia ya cuenta con nuevo uniforme"},"content":{"rendered":"<h3>A pesar de que la Selecci\u00f3n Colombia masculina de mayores no clasific\u00f3 al Mundial de Qatar 2022, los equipos femeninos \u00e9lite y de juveniles siguen en competencia en cert\u00e1menes oficiales y amistosos.<\/h3>\n<p>\u201cLa camiseta de visitante de Adidas Colombia 2022 es roja y los apliques de los logotipos de Adidas y la Federaci\u00f3n en el pecho, y tambi\u00e9n en el borde del cuello, las tres rayas al lado son azul claras, as\u00ed como la banda que corre por los lados y alrededor del dobladillo trasero\u201d, menciona Footy Headlines (cuenta en Twitter especializada en equipamiento de equipos de f\u00fatbol).<\/p>\n<p>Despu\u00e9s de conocerse el nuevo uniforme principal del equipo nacional, el cual ya fue utilizado en un juego amistoso por el equipo mayor de varonas y por las selecciones femeninas en la reciente Copa Am\u00e9rica y Mundial sub 20, se est\u00e1 en expectativa por la que ser\u00eda la segunda indumentaria.<\/p>\n<p>Extraoficialmente se han revelado algunos detalles, como la novedad que volver\u00eda a ser de color rojo, pero en una tonalidad poco habitual que muchos aficionados han criticado, aunque otros han elogiado.<\/p>\n<p>Este lunes 29 de agosto, fecha en que la marca deportiva Adidas escogi\u00f3 para dar a conocer los nuevos uniformes de las selecciones que jugar\u00e1n el mundial, se revel\u00f3 que efectivamente la indumentaria alternativa de Colombia ser\u00e1 con camiseta y pantaloneta roja, casi vino tinto, con algunos detalles azul celeste en las mangas y cuello.<\/p>\n","protected":false},"excerpt":{"rendered":"<p>A pesar de que la Selecci\u00f3n Colombia masculina de mayores no clasific\u00f3 al Mundial de Qatar 2022, los equipos femeninos \u00e9lite y de juveniles siguen en competencia en cert\u00e1menes oficiales y amistosos. \u201cLa camiseta de visitante de Adidas Colombia 2022 es roja y los apliques de los logotipos de Adidas y la Federaci\u00f3n en el&hellip;&nbsp;<a href=\"https:\/\/oyntv.co\/noticias\/la-seleccion-colombia-ya-cuenta-con-nuevo-uniforme\/\" class=\"\" rel=\"bookmark\">Leer m\u00e1s &raquo;<span class=\"screen-reader-text\">La Selecci\u00f3n Colombia ya cuenta con nuevo uniforme<\/span><\/a><\/p>\n","protected":false},"author":1,"featured_media":6141,"comment_status":"open","ping_status":"open","sticky":false,"template":"","format":"standard","meta":{"neve_meta_sidebar":"full-width","neve_meta_container":"","neve_meta_enable_content_width":"off","neve_meta_content_width":70,"neve_meta_title_alignment":"","neve_meta_author_avatar":"","neve_post_elements_order":"","neve_meta_disable_header":"","neve_meta_disable_footer":"","neve_meta_disable_title":""},"categories":[6],"tags":[],"blog_post_layout_featured_media_urls":{"thumbnail":["https:\/\/oyntv.co\/noticias\/wp-content\/uploads\/2022\/08\/Nueva-camiseta-de-la-Seleccion-Colombia-150x150.jpg",150,150,true],"full":["https:\/\/oyntv.co\/noticias\/wp-content\/uploads\/2022\/08\/Nueva-camiseta-de-la-Seleccion-Colombia.jpg",1200,675,false]},"categories_names":{"6":{"name":"Deportes","link":"https:\/\/oyntv.co\/noticias\/category\/deportes\/"}},"tags_names":[],"comments_number":"0","wpmagazine_modules_lite_featured_media_urls":{"thumbnail":["https:\/\/oyntv.co\/noticias\/wp-content\/uploads\/2022\/08\/Nueva-camiseta-de-la-Seleccion-Colombia-150x150.jpg",150,150,true],"cvmm-medium":["https:\/\/oyntv.co\/noticias\/wp-content\/uploads\/2022\/08\/Nueva-camiseta-de-la-Seleccion-Colombia-300x300.jpg",300,300,true],"cvmm-medium-plus":["https:\/\/oyntv.co\/noticias\/wp-content\/uploads\/2022\/08\/Nueva-camiseta-de-la-Seleccion-Colombia-305x207.jpg",305,207,true],"cvmm-portrait":["https:\/\/oyntv.co\/noticias\/wp-content\/uploads\/2022\/08\/Nueva-camiseta-de-la-Seleccion-Colombia-400x600.jpg",400,600,true],"cvmm-medium-square":["https:\/\/oyntv.co\/noticias\/wp-content\/uploads\/2022\/08\/Nueva-camiseta-de-la-Seleccion-Colombia-600x600.jpg",600,600,true],"cvmm-large":["https:\/\/oyntv.co\/noticias\/wp-content\/uploads\/2022\/08\/Nueva-camiseta-de-la-Seleccion-Colombia-1024x675.jpg",1024,675,true],"cvmm-small":["https:\/\/oyntv.co\/noticias\/wp-content\/uploads\/2022\/08\/Nueva-camiseta-de-la-Seleccion-Colombia-130x95.jpg",130,95,true],"full":["https:\/\/oyntv.co\/noticias\/wp-content\/uploads\/2022\/08\/Nueva-camiseta-de-la-Seleccion-Colombia.jpg",1200,675,false]},"_links":{"self":[{"href":"https:\/\/oyntv.co\/noticias\/wp-json\/wp\/v2\/posts\/6140"}],"collection":[{"href":"https:\/\/oyntv.co\/noticias\/wp-json\/wp\/v2\/posts"}],"about":[{"href":"https:\/\/oyntv.co\/noticias\/wp-json\/wp\/v2\/types\/post"}],"author":[{"embeddable":true,"href":"https:\/\/oyntv.co\/noticias\/wp-json\/wp\/v2\/users\/1"}],"replies":[{"embeddable":true,"href":"https:\/\/oyntv.co\/noticias\/wp-json\/wp\/v2\/comments?post=6140"}],"version-history":[{"count":1,"href":"https:\/\/oyntv.co\/noticias\/wp-json\/wp\/v2\/posts\/6140\/revisions"}],"predecessor-version":[{"id":6142,"href":"https:\/\/oyntv.co\/noticias\/wp-json\/wp\/v2\/posts\/6140\/revisions\/6142"}],"wp:featuredmedia":[{"embeddable":true,"href":"https:\/\/oyntv.co\/noticias\/wp-json\/wp\/v2\/media\/6141"}],"wp:attachment":[{"href":"https:\/\/oyntv.co\/noticias\/wp-json\/wp\/v2\/media?parent=6140"}],"wp:term":[{"taxonomy":"category","embeddable":true,"href":"https:\/\/oyntv.co\/noticias\/wp-json\/wp\/v2\/categories?post=6140"},{"taxonomy":"post_tag","embeddable":true,"href":"https:\/\/oyntv.co\/noticias\/wp-json\/wp\/v2\/tags?post=6140"}],"curies":[{"name":"wp","href":"https:\/\/api.w.org\/{rel}","templated":true}]}}