{"id":6625,"date":"2022-09-30T15:06:00","date_gmt":"2022-09-30T20:06:00","guid":{"rendered":"https:\/\/oyntv.co\/noticias\/?p=6625"},"modified":"2022-09-30T15:06:00","modified_gmt":"2022-09-30T20:06:00","slug":"daniel-ruiz-y-ricardo-marquez-encabezan-convocatoria-de-microciclo-de-la-seleccion-colombia","status":"publish","type":"post","link":"https:\/\/oyntv.co\/noticias\/daniel-ruiz-y-ricardo-marquez-encabezan-convocatoria-de-microciclo-de-la-seleccion-colombia\/","title":{"rendered":"Daniel Ruiz y Ricardo M\u00e1rquez encabezan convocatoria de microciclo de la Selecci\u00f3n Colombia"},"content":{"rendered":"<h3>La Federaci\u00f3n Colombiana de F\u00fatbol confirm\u00f3 este viernes los\u00a024 futbolistas que har\u00e1n parte del microciclo\u00a0que se realizar\u00e1\u00a0del 4 al 6 de octubre.<\/h3>\n<p>Los m\u00e1s de 20 futbolistas hacen parte del la liga de Colombia y se destaca el llamado del volante de Millonarios Daniel Ruiz y el goleador de Uni\u00f3n Magdalena Ricardo &#8216;Caballo&#8217; M\u00e1rquez.<\/p>\n<p>Los llamados por el seleccionador N\u00e9stor Lorenzo se reunir\u00e1n en la sede de Barranquilla de la Selecci\u00f3n Colombia para afinar la idea de juego del argentino y darle especio a los talentos locales.<\/p>\n<p>Esta convocatoria se conoce d\u00edas despu\u00e9s de la doble fecha Fifa de\u00a0amistosos\u00a0que fue positiva para el combinado nacional, especialmente con relaci\u00f3n a los futbolistas j\u00f3venes, pues se logaron dos triunfos:\u00a04-1 ante Guatemala y 3-1 frente a M\u00e9xico.<\/p>\n<p>Estos son los 24 convocados a la Selecci\u00f3n Colombia:<\/p>\n<p>Andr\u00e9s Correa \u2013 La EquidadBrayan Vera \u2013 Am\u00e9rica de Cali<\/p>\n<ul>\n<li>Carlos Garc\u00e9s \u2013 Deportivo Pereira<\/li>\n<li>Carlos G\u00f3mez \u2013 Millonarios FC<\/li>\n<li>Dany Rosero \u2013 Junior FC<\/li>\n<li>Daniel Ruiz \u2013 Millonarios FC<\/li>\n<li>Esneyder Mena \u2013 Am\u00e9rica de Cali<\/li>\n<li>Jherson Mosquera \u2013 Deportivo Pereira<\/li>\n<li>Joan Felipe Parra \u2013 Envigado FC<\/li>\n<li>Johan Torres \u2013 Independiente Santa Fe<\/li>\n<li>Jos\u00e9 Luis Chunga \u2013 Alianza Petrolera<\/li>\n<li>Juan Camilo Chaverra \u2013 Atl\u00e9tico Bucaramanga<\/li>\n<li>Juan Portilla \u2013 Am\u00e9rica de Cali<\/li>\n<li>Junior Hern\u00e1ndez \u2013 Deportes Tolima<\/li>\n<li>Kevin Casta\u00f1o \u2013 \u00c1guilas Doradas<\/li>\n<li>Kevin Velasco \u2013 Deportivo Cali<\/li>\n<li>Leonardo Castro \u2013 Deportivo Pereira<\/li>\n<li>Maicol Medina \u2013 Deportivo Pereira<\/li>\n<li>Nelson Deossa \u2013 Junior FC<\/li>\n<li>Nicol\u00e1s Gil Uribe \u2013 Uni\u00f3n Magdalena<\/li>\n<li>Ricardo M\u00e1rquez \u2013 Uni\u00f3n Magdalena<\/li>\n<li>Roberto Hinojosa \u2013 Uni\u00f3n Magdalena<\/li>\n<li>William Cuesta \u2013 Deportes Tolima<\/li>\n<li>W\u00e1lmer Pacheco \u2013 Junior FC<\/li>\n<\/ul>\n<p>&nbsp;<\/p>\n","protected":false},"excerpt":{"rendered":"<p>La Federaci\u00f3n Colombiana de F\u00fatbol confirm\u00f3 este viernes los\u00a024 futbolistas que har\u00e1n parte del microciclo\u00a0que se realizar\u00e1\u00a0del 4 al 6 de octubre. Los m\u00e1s de 20 futbolistas hacen parte del la liga de Colombia y se destaca el llamado del volante de Millonarios Daniel Ruiz y el goleador de Uni\u00f3n Magdalena Ricardo &#8216;Caballo&#8217; M\u00e1rquez. Los&hellip;&nbsp;<a href=\"https:\/\/oyntv.co\/noticias\/daniel-ruiz-y-ricardo-marquez-encabezan-convocatoria-de-microciclo-de-la-seleccion-colombia\/\" class=\"\" rel=\"bookmark\">Leer m\u00e1s &raquo;<span class=\"screen-reader-text\">Daniel Ruiz y Ricardo M\u00e1rquez encabezan convocatoria de microciclo de la Selecci\u00f3n Colombia<\/span><\/a><\/p>\n","protected":false},"author":1,"featured_media":6626,"comment_status":"open","ping_status":"open","sticky":false,"template":"","format":"standard","meta":{"neve_meta_sidebar":"full-width","neve_meta_container":"","neve_meta_enable_content_width":"off","neve_meta_content_width":70,"neve_meta_title_alignment":"","neve_meta_author_avatar":"","neve_post_elements_order":"","neve_meta_disable_header":"","neve_meta_disable_footer":"","neve_meta_disable_title":""},"categories":[6],"tags":[],"blog_post_layout_featured_media_urls":{"thumbnail":["https:\/\/oyntv.co\/noticias\/wp-content\/uploads\/2022\/09\/descarga-15-150x150.webp",150,150,true],"full":["https:\/\/oyntv.co\/noticias\/wp-content\/uploads\/2022\/09\/descarga-15.webp",515,290,false]},"categories_names":{"6":{"name":"Deportes","link":"https:\/\/oyntv.co\/noticias\/category\/deportes\/"}},"tags_names":[],"comments_number":"0","wpmagazine_modules_lite_featured_media_urls":{"thumbnail":["https:\/\/oyntv.co\/noticias\/wp-content\/uploads\/2022\/09\/descarga-15-150x150.webp",150,150,true],"cvmm-medium":["https:\/\/oyntv.co\/noticias\/wp-content\/uploads\/2022\/09\/descarga-15-300x290.webp",300,290,true],"cvmm-medium-plus":["https:\/\/oyntv.co\/noticias\/wp-content\/uploads\/2022\/09\/descarga-15-305x207.webp",305,207,true],"cvmm-portrait":["https:\/\/oyntv.co\/noticias\/wp-content\/uploads\/2022\/09\/descarga-15-400x290.webp",400,290,true],"cvmm-medium-square":["https:\/\/oyntv.co\/noticias\/wp-content\/uploads\/2022\/09\/descarga-15.webp",515,290,false],"cvmm-large":["https:\/\/oyntv.co\/noticias\/wp-content\/uploads\/2022\/09\/descarga-15.webp",515,290,false],"cvmm-small":["https:\/\/oyntv.co\/noticias\/wp-content\/uploads\/2022\/09\/descarga-15-130x95.webp",130,95,true],"full":["https:\/\/oyntv.co\/noticias\/wp-content\/uploads\/2022\/09\/descarga-15.webp",515,290,false]},"_links":{"self":[{"href":"https:\/\/oyntv.co\/noticias\/wp-json\/wp\/v2\/posts\/6625"}],"collection":[{"href":"https:\/\/oyntv.co\/noticias\/wp-json\/wp\/v2\/posts"}],"about":[{"href":"https:\/\/oyntv.co\/noticias\/wp-json\/wp\/v2\/types\/post"}],"author":[{"embeddable":true,"href":"https:\/\/oyntv.co\/noticias\/wp-json\/wp\/v2\/users\/1"}],"replies":[{"embeddable":true,"href":"https:\/\/oyntv.co\/noticias\/wp-json\/wp\/v2\/comments?post=6625"}],"version-history":[{"count":1,"href":"https:\/\/oyntv.co\/noticias\/wp-json\/wp\/v2\/posts\/6625\/revisions"}],"predecessor-version":[{"id":6627,"href":"https:\/\/oyntv.co\/noticias\/wp-json\/wp\/v2\/posts\/6625\/revisions\/6627"}],"wp:featuredmedia":[{"embeddable":true,"href":"https:\/\/oyntv.co\/noticias\/wp-json\/wp\/v2\/media\/6626"}],"wp:attachment":[{"href":"https:\/\/oyntv.co\/noticias\/wp-json\/wp\/v2\/media?parent=6625"}],"wp:term":[{"taxonomy":"category","embeddable":true,"href":"https:\/\/oyntv.co\/noticias\/wp-json\/wp\/v2\/categories?post=6625"},{"taxonomy":"post_tag","embeddable":true,"href":"https:\/\/oyntv.co\/noticias\/wp-json\/wp\/v2\/tags?post=6625"}],"curies":[{"name":"wp","href":"https:\/\/api.w.org\/{rel}","templated":true}]}}