{"id":7213,"date":"2022-11-13T11:21:17","date_gmt":"2022-11-13T16:21:17","guid":{"rendered":"https:\/\/oyntv.co\/noticias\/?p=7213"},"modified":"2022-11-13T11:21:17","modified_gmt":"2022-11-13T16:21:17","slug":"jep-inicio-excavacion-en-la-escombrera-de-la-comuna-13-de-medellin","status":"publish","type":"post","link":"https:\/\/oyntv.co\/noticias\/jep-inicio-excavacion-en-la-escombrera-de-la-comuna-13-de-medellin\/","title":{"rendered":"JEP inici\u00f3 excavaci\u00f3n en la Escombrera de la comuna 13 de Medell\u00edn"},"content":{"rendered":"<p>Despu\u00e9s de 7 a\u00f1os de espera, hoy la JEP inici\u00f3 la b\u00fasqueda de posibles desaparecidos en una cantera de la comuna 13 de Medell\u00edn conocida como la Escombrera, en d\u00f3nde se presume fueron enterradas cerca de 200 personas v\u00edctimas del conflicto en el a\u00f1o 2000.<\/p>\n<p>La Unidad de B\u00fasqueda de Personas Desaparecidas inici\u00f3 la intervenci\u00f3n forense para buscar posibles v\u00edctimas del conflicto que hab\u00edan sido sepultadas en este terreno conocido como la Escombrera de la comuna 13.<\/p>\n<p>Hasta la Escombrera, calificada por decenas de v\u00edctimas como una zona de horror durante el a\u00f1o 2000, llegaron los magistrados de la JEP para anunciar una nueva intervenci\u00f3n forense que buscar\u00e1 posibles desaparecidos.<\/p>\n<p>\u201cEl punto de partida 459, los documentos \u00e1lgidos nos llevan a que son 2001, 2002, 2003, estar\u00edamos hablando de algo m\u00e1s de 200 personas cuyos cuerpos podr\u00edan ser inhumados en la zona de la Arenera y la Escombrera\u201d, afirm\u00f3 Gustavo Salazar, magistrado JEP.<\/p>\n<p>La JEP confirm\u00f3 que la excavaci\u00f3n forense se har\u00e1 sobre 40 mil metros c\u00fabicos de tierra, algunos puntos demarcados tienen hasta 30 metros de profundidad. El proceso, seg\u00fan expertos, podr\u00eda tardar hasta un a\u00f1o. Las v\u00edctimas recibieron el anuncio con esperanza.<\/p>\n<p>\u201cPara Mujeres Caminando por la Verdad es un proceso de esperanza, es un proceso que estuvimos esperando 7 a\u00f1os, 20 a\u00f1os de impunidad, 20 a\u00f1os esperando buscar a los desaparecidos\u201c, asegur\u00f3 Alejandra Balvin, vocera colectivo \u2018Mujeres Caminando por la Verdad\u2019.<\/p>\n<p>Durante la tarde se cumpli\u00f3 una audiencia de medidas cautelares para proteger este terreno y garantizar desde el punto de vista t\u00e9cnico y cient\u00edfico la b\u00fasqueda de posibles desaparecidos.<\/p>\n","protected":false},"excerpt":{"rendered":"<p>Despu\u00e9s de 7 a\u00f1os de espera, hoy la JEP inici\u00f3 la b\u00fasqueda de posibles desaparecidos en una cantera de la comuna 13 de Medell\u00edn conocida como la Escombrera, en d\u00f3nde se presume fueron enterradas cerca de 200 personas v\u00edctimas del conflicto en el a\u00f1o 2000. La Unidad de B\u00fasqueda de Personas Desaparecidas inici\u00f3 la intervenci\u00f3n&hellip;&nbsp;<a href=\"https:\/\/oyntv.co\/noticias\/jep-inicio-excavacion-en-la-escombrera-de-la-comuna-13-de-medellin\/\" class=\"\" rel=\"bookmark\">Leer m\u00e1s &raquo;<span class=\"screen-reader-text\">JEP inici\u00f3 excavaci\u00f3n en la Escombrera de la comuna 13 de Medell\u00edn<\/span><\/a><\/p>\n","protected":false},"author":1,"featured_media":7214,"comment_status":"open","ping_status":"open","sticky":false,"template":"","format":"standard","meta":{"neve_meta_sidebar":"full-width","neve_meta_container":"","neve_meta_enable_content_width":"off","neve_meta_content_width":70,"neve_meta_title_alignment":"","neve_meta_author_avatar":"","neve_post_elements_order":"","neve_meta_disable_header":"","neve_meta_disable_footer":"","neve_meta_disable_title":""},"categories":[2],"tags":[],"blog_post_layout_featured_media_urls":{"thumbnail":["https:\/\/oyntv.co\/noticias\/wp-content\/uploads\/2022\/11\/IMG-20221113-WA0007-150x150.jpg",150,150,true],"full":["https:\/\/oyntv.co\/noticias\/wp-content\/uploads\/2022\/11\/IMG-20221113-WA0007.jpg",480,240,false]},"categories_names":{"2":{"name":"Nacional","link":"https:\/\/oyntv.co\/noticias\/category\/nacional\/"}},"tags_names":[],"comments_number":"0","wpmagazine_modules_lite_featured_media_urls":{"thumbnail":["https:\/\/oyntv.co\/noticias\/wp-content\/uploads\/2022\/11\/IMG-20221113-WA0007-150x150.jpg",150,150,true],"cvmm-medium":["https:\/\/oyntv.co\/noticias\/wp-content\/uploads\/2022\/11\/IMG-20221113-WA0007-300x240.jpg",300,240,true],"cvmm-medium-plus":["https:\/\/oyntv.co\/noticias\/wp-content\/uploads\/2022\/11\/IMG-20221113-WA0007-305x207.jpg",305,207,true],"cvmm-portrait":["https:\/\/oyntv.co\/noticias\/wp-content\/uploads\/2022\/11\/IMG-20221113-WA0007-400x240.jpg",400,240,true],"cvmm-medium-square":["https:\/\/oyntv.co\/noticias\/wp-content\/uploads\/2022\/11\/IMG-20221113-WA0007.jpg",480,240,false],"cvmm-large":["https:\/\/oyntv.co\/noticias\/wp-content\/uploads\/2022\/11\/IMG-20221113-WA0007.jpg",480,240,false],"cvmm-small":["https:\/\/oyntv.co\/noticias\/wp-content\/uploads\/2022\/11\/IMG-20221113-WA0007-130x95.jpg",130,95,true],"full":["https:\/\/oyntv.co\/noticias\/wp-content\/uploads\/2022\/11\/IMG-20221113-WA0007.jpg",480,240,false]},"_links":{"self":[{"href":"https:\/\/oyntv.co\/noticias\/wp-json\/wp\/v2\/posts\/7213"}],"collection":[{"href":"https:\/\/oyntv.co\/noticias\/wp-json\/wp\/v2\/posts"}],"about":[{"href":"https:\/\/oyntv.co\/noticias\/wp-json\/wp\/v2\/types\/post"}],"author":[{"embeddable":true,"href":"https:\/\/oyntv.co\/noticias\/wp-json\/wp\/v2\/users\/1"}],"replies":[{"embeddable":true,"href":"https:\/\/oyntv.co\/noticias\/wp-json\/wp\/v2\/comments?post=7213"}],"version-history":[{"count":1,"href":"https:\/\/oyntv.co\/noticias\/wp-json\/wp\/v2\/posts\/7213\/revisions"}],"predecessor-version":[{"id":7215,"href":"https:\/\/oyntv.co\/noticias\/wp-json\/wp\/v2\/posts\/7213\/revisions\/7215"}],"wp:featuredmedia":[{"embeddable":true,"href":"https:\/\/oyntv.co\/noticias\/wp-json\/wp\/v2\/media\/7214"}],"wp:attachment":[{"href":"https:\/\/oyntv.co\/noticias\/wp-json\/wp\/v2\/media?parent=7213"}],"wp:term":[{"taxonomy":"category","embeddable":true,"href":"https:\/\/oyntv.co\/noticias\/wp-json\/wp\/v2\/categories?post=7213"},{"taxonomy":"post_tag","embeddable":true,"href":"https:\/\/oyntv.co\/noticias\/wp-json\/wp\/v2\/tags?post=7213"}],"curies":[{"name":"wp","href":"https:\/\/api.w.org\/{rel}","templated":true}]}}